{"id":1240,"date":"2025-02-06T18:48:05","date_gmt":"2025-02-06T21:48:05","guid":{"rendered":"https:\/\/apaebituruna.org.br\/?p=1240"},"modified":"2025-02-06T19:15:04","modified_gmt":"2025-02-06T22:15:04","slug":"apae-brasil-promove-i-encontro-de-capacitacao-de-profissionais-do-teativo-em-salvador-copy","status":"publish","type":"post","link":"https:\/\/apaebituruna.org.br\/?p=1240","title":{"rendered":"Apae Brasil e Minist\u00e9rio do Esporte ampliam parceria para inclus\u00e3o esportiva de pessoas com defici\u00eancia"},"content":{"rendered":"\t\t<div data-elementor-type=\"wp-post\" data-elementor-id=\"1240\" class=\"elementor elementor-1240\" data-elementor-settings=\"{&quot;ha_cmc_init_switcher&quot;:&quot;no&quot;}\">\n\t\t\t\t\t\t<section class=\"elementor-section elementor-top-section elementor-element elementor-element-7e8a8cb3 elementor-section-content-middle elementor-section-boxed elementor-section-height-default elementor-section-height-default wpr-particle-no wpr-jarallax-no wpr-parallax-no wpr-sticky-section-no\" data-id=\"7e8a8cb3\" data-element_type=\"section\" data-e-type=\"section\" data-settings=\"{&quot;background_background&quot;:&quot;classic&quot;,&quot;_ha_eqh_enable&quot;:false}\">\n\t\t\t\t\t\t<div class=\"elementor-container elementor-column-gap-no\">\n\t\t\t\t\t<div class=\"elementor-column elementor-col-33 elementor-top-column elementor-element elementor-element-2419b027\" data-id=\"2419b027\" data-element_type=\"column\" data-e-type=\"column\">\n\t\t\t<div class=\"elementor-widget-wrap elementor-element-populated\">\n\t\t\t\t\t\t<div class=\"elementor-element elementor-element-225a0673 elementor-widget elementor-widget-image\" data-id=\"225a0673\" data-element_type=\"widget\" data-e-type=\"widget\" data-widget_type=\"image.default\">\n\t\t\t\t<div class=\"elementor-widget-container\">\n\t\t\t\t\t\t\t\t\t\t\t\t\t\t\t\t<a href=\"https:\/\/apaebituruna.org.br\/\">\n\t\t\t\t\t\t\t<img fetchpriority=\"high\" decoding=\"async\" width=\"800\" height=\"330\" src=\"https:\/\/apaebituruna.org.br\/wp-content\/uploads\/2025\/02\/logo.png\" class=\"attachment-large size-large wp-image-998\" alt=\"\" srcset=\"https:\/\/apaebituruna.org.br\/wp-content\/uploads\/2025\/02\/logo.png 900w, https:\/\/apaebituruna.org.br\/wp-content\/uploads\/2025\/02\/logo-300x124.png 300w, https:\/\/apaebituruna.org.br\/wp-content\/uploads\/2025\/02\/logo-768x317.png 768w\" sizes=\"(max-width: 800px) 100vw, 800px\" \/>\t\t\t\t\t\t\t\t<\/a>\n\t\t\t\t\t\t\t\t\t\t\t\t\t\t\t<\/div>\n\t\t\t\t<\/div>\n\t\t\t\t\t<\/div>\n\t\t<\/div>\n\t\t\t\t<div class=\"elementor-column elementor-col-33 elementor-top-column elementor-element elementor-element-57696afe\" data-id=\"57696afe\" data-element_type=\"column\" data-e-type=\"column\">\n\t\t\t<div class=\"elementor-widget-wrap elementor-element-populated\">\n\t\t\t\t\t\t<div class=\"elementor-element elementor-element-4248291a elementor-widget-mobile__width-initial wpr-sub-icon-chevron-down wpr-main-menu-align-left wpr-main-menu-align--tabletleft wpr-main-menu-align--mobileleft wpr-pointer-underline wpr-pointer-line-fx wpr-pointer-fx-fade wpr-sub-menu-fx-fade wpr-nav-menu-bp-tablet wpr-mobile-menu-display-dropdown wpr-mobile-menu-full-width wpr-mobile-toggle-v1 wpr-sub-divider-yes wpr-mobile-divider-yes elementor-widget elementor-widget-wpr-mega-menu\" data-id=\"4248291a\" data-element_type=\"widget\" data-e-type=\"widget\" data-settings=\"{&quot;menu_layout&quot;:&quot;horizontal&quot;}\" data-widget_type=\"wpr-mega-menu.default\">\n\t\t\t\t<div class=\"elementor-widget-container\">\n\t\t\t\t\t<nav class=\"wpr-nav-menu-container wpr-mega-menu-container wpr-nav-menu-horizontal\" data-trigger=\"hover\"><ul id=\"menu-1-4248291a\" class=\"wpr-nav-menu wpr-mega-menu\"><li class=\"menu-item menu-item-type-post_type menu-item-object-page menu-item-home menu-item-175\"><a href=\"https:\/\/apaebituruna.org.br\/\" class=\"wpr-menu-item wpr-pointer-item\"><span>In\u00edcio<\/span><\/a><\/li>\n<li class=\"menu-item menu-item-type-custom menu-item-object-custom menu-item-has-children menu-item-607\"><a href=\"#\" class=\"wpr-menu-item wpr-pointer-item\"><span>Institucional<\/span><i class=\"wpr-sub-icon fas\" aria-hidden=\"true\"><\/i><\/a>\n<ul  class=\"sub-menu wpr-sub-menu\">\n\t<li class=\"menu-item menu-item-type-post_type menu-item-object-page menu-item-530\"><a href=\"https:\/\/apaebituruna.org.br\/?page_id=475\" class=\"wpr-sub-menu-item\"><span>Quem somos<\/span><\/a><\/ul>\n<\/li>\n<li class=\"menu-item menu-item-type-custom menu-item-object-custom menu-item-has-children menu-item-606\"><a href=\"#\" class=\"wpr-menu-item wpr-pointer-item\"><span>Transpar\u00eancia<\/span><i class=\"wpr-sub-icon fas\" aria-hidden=\"true\"><\/i><\/a>\n<ul  class=\"sub-menu wpr-sub-menu\">\n\t<li class=\"menu-item menu-item-type-post_type menu-item-object-page menu-item-531\"><a href=\"https:\/\/apaebituruna.org.br\/?page_id=350\" class=\"wpr-sub-menu-item\"><span>Balan\u00e7o Patrimonial<\/span><\/a><\/ul>\n<\/li>\n<li class=\"menu-item menu-item-type-custom menu-item-object-custom menu-item-has-children menu-item-608\"><a href=\"#\" class=\"wpr-menu-item wpr-pointer-item\"><span>Quem atendemos<\/span><i class=\"wpr-sub-icon fas\" aria-hidden=\"true\"><\/i><\/a>\n<ul  class=\"sub-menu wpr-sub-menu\">\n\t<li class=\"menu-item menu-item-type-post_type menu-item-object-page menu-item-538\"><a href=\"https:\/\/apaebituruna.org.br\/?page_id=506\" class=\"wpr-sub-menu-item\"><span>Sindrome de Down<\/span><\/a><\/ul>\n<\/li>\n<li class=\"menu-item menu-item-type-post_type menu-item-object-page menu-item-615\"><a href=\"https:\/\/apaebituruna.org.br\/?page_id=610\" class=\"wpr-menu-item wpr-pointer-item\"><span>Contato<\/span><\/a><\/li>\n<\/ul><\/nav><nav class=\"wpr-mobile-nav-menu-container\"><div class=\"wpr-mobile-toggle-wrap\"><div class=\"wpr-mobile-toggle\"><span class=\"wpr-mobile-toggle-line\"><\/span><span class=\"wpr-mobile-toggle-line\"><\/span><span class=\"wpr-mobile-toggle-line\"><\/span><\/div><\/div><div class=\"wpr-mobile-mega-menu-wrap \" toggle-backface=\"\"><ul id=\"mobile-menu-2-4248291a\" class=\"wpr-mobile-nav-menu wpr-mobile-mega-menu\"><li class=\"menu-item menu-item-type-post_type menu-item-object-page menu-item-home menu-item-175\"><a href=\"https:\/\/apaebituruna.org.br\/\" class=\"wpr-mobile-menu-item\">In\u00edcio<\/a><\/li>\n<li class=\"menu-item menu-item-type-custom menu-item-object-custom menu-item-has-children menu-item-607\"><a href=\"#\" class=\"wpr-mobile-menu-item\">Institucional<i class=\"wpr-mobile-sub-icon\"><\/i><\/a>\n<ul  class=\"sub-menu wpr-mobile-sub-menu\">\n\t<li class=\"menu-item menu-item-type-post_type menu-item-object-page menu-item-530\"><a href=\"https:\/\/apaebituruna.org.br\/?page_id=475\" class=\"wpr-mobile-sub-menu-item\">Quem somos<\/a><\/ul>\n<\/li>\n<li class=\"menu-item menu-item-type-custom menu-item-object-custom menu-item-has-children menu-item-606\"><a href=\"#\" class=\"wpr-mobile-menu-item\">Transpar\u00eancia<i class=\"wpr-mobile-sub-icon\"><\/i><\/a>\n<ul  class=\"sub-menu wpr-mobile-sub-menu\">\n\t<li class=\"menu-item menu-item-type-post_type menu-item-object-page menu-item-531\"><a href=\"https:\/\/apaebituruna.org.br\/?page_id=350\" class=\"wpr-mobile-sub-menu-item\">Balan\u00e7o Patrimonial<\/a><\/ul>\n<\/li>\n<li class=\"menu-item menu-item-type-custom menu-item-object-custom menu-item-has-children menu-item-608\"><a href=\"#\" class=\"wpr-mobile-menu-item\">Quem atendemos<i class=\"wpr-mobile-sub-icon\"><\/i><\/a>\n<ul  class=\"sub-menu wpr-mobile-sub-menu\">\n\t<li class=\"menu-item menu-item-type-post_type menu-item-object-page menu-item-538\"><a href=\"https:\/\/apaebituruna.org.br\/?page_id=506\" class=\"wpr-mobile-sub-menu-item\">Sindrome de Down<\/a><\/ul>\n<\/li>\n<li class=\"menu-item menu-item-type-post_type menu-item-object-page menu-item-615\"><a href=\"https:\/\/apaebituruna.org.br\/?page_id=610\" class=\"wpr-mobile-menu-item\">Contato<\/a><\/li>\n<\/ul><\/div><\/nav>\t\t\t\t<\/div>\n\t\t\t\t<\/div>\n\t\t\t\t\t<\/div>\n\t\t<\/div>\n\t\t\t\t<div class=\"elementor-column elementor-col-33 elementor-top-column elementor-element elementor-element-58430fb9\" data-id=\"58430fb9\" data-element_type=\"column\" data-e-type=\"column\">\n\t\t\t<div class=\"elementor-widget-wrap elementor-element-populated\">\n\t\t\t\t\t\t<div class=\"elementor-element elementor-element-605af0b0 elementor-widget-mobile__width-initial elementor-widget-tablet__width-initial elementor-widget elementor-widget-eael-creative-button\" data-id=\"605af0b0\" data-element_type=\"widget\" data-e-type=\"widget\" data-widget_type=\"eael-creative-button.default\">\n\t\t\t\t<div class=\"elementor-widget-container\">\n\t\t\t\t\t        <div class=\"eael-creative-button-wrapper\">\n\n            <a class=\"eael-creative-button eael-creative-button--rayen\" href=\"https:\/\/apaebituruna.org.br\/?page_id=778\" data-text=\"Doe agora\">\n\n\t    \n                <div class=\"creative-button-inner\">\n\n                    \n                    <span class=\"cretive-button-text\">Doe agora<\/span>\n\n                                            <span class=\"eael-creative-button-icon-right\"><i aria-hidden=\"true\" class=\"icon icon-valentines-heart\"><\/i><\/span>                                    <\/div>\n\t                        <\/a>\n        <\/div>\n\t\t\t\t<\/div>\n\t\t\t\t<\/div>\n\t\t\t\t\t<\/div>\n\t\t<\/div>\n\t\t\t\t\t<\/div>\n\t\t<\/section>\n\t\t\t\t<section class=\"elementor-section elementor-top-section elementor-element elementor-element-78068821 elementor-section-boxed elementor-section-height-default elementor-section-height-default wpr-particle-no wpr-jarallax-no wpr-parallax-no wpr-sticky-section-no\" data-id=\"78068821\" data-element_type=\"section\" data-e-type=\"section\" data-settings=\"{&quot;_ha_eqh_enable&quot;:false}\">\n\t\t\t\t\t\t<div class=\"elementor-container elementor-column-gap-default\">\n\t\t\t\t\t<div class=\"elementor-column elementor-col-100 elementor-top-column elementor-element elementor-element-70a712ca\" data-id=\"70a712ca\" data-element_type=\"column\" data-e-type=\"column\">\n\t\t\t<div class=\"elementor-widget-wrap elementor-element-populated\">\n\t\t\t\t\t\t<div class=\"elementor-element elementor-element-a74548b elementor-widget elementor-widget-heading\" data-id=\"a74548b\" data-element_type=\"widget\" data-e-type=\"widget\" data-widget_type=\"heading.default\">\n\t\t\t\t<div class=\"elementor-widget-container\">\n\t\t\t\t\t<h2 class=\"elementor-heading-title elementor-size-default\">Apae Brasil e Minist\u00e9rio do Esporte ampliam parceria para inclus\u00e3o esportiva de pessoas com defici\u00eancia<\/h2>\t\t\t\t<\/div>\n\t\t\t\t<\/div>\n\t\t\t\t<div class=\"elementor-element elementor-element-259d7e5 elementor-widget elementor-widget-spacer\" data-id=\"259d7e5\" data-element_type=\"widget\" data-e-type=\"widget\" data-widget_type=\"spacer.default\">\n\t\t\t\t<div class=\"elementor-widget-container\">\n\t\t\t\t\t\t\t<div class=\"elementor-spacer\">\n\t\t\t<div class=\"elementor-spacer-inner\"><\/div>\n\t\t<\/div>\n\t\t\t\t\t\t<\/div>\n\t\t\t\t<\/div>\n\t\t\t\t<div class=\"elementor-element elementor-element-581c1c7 elementor-widget elementor-widget-heading\" data-id=\"581c1c7\" data-element_type=\"widget\" data-e-type=\"widget\" data-widget_type=\"heading.default\">\n\t\t\t\t<div class=\"elementor-widget-container\">\n\t\t\t\t\t<h2 class=\"elementor-heading-title elementor-size-default\">TEAtivo ser\u00e1 expandido para todas as capitais do Brasil, e o programa Semear contar\u00e1 com cem n\u00facleos em todo o pa\u00eds<\/h2>\t\t\t\t<\/div>\n\t\t\t\t<\/div>\n\t\t\t\t<div class=\"elementor-element elementor-element-29ffc7f elementor-widget elementor-widget-spacer\" data-id=\"29ffc7f\" data-element_type=\"widget\" data-e-type=\"widget\" data-widget_type=\"spacer.default\">\n\t\t\t\t<div class=\"elementor-widget-container\">\n\t\t\t\t\t\t\t<div class=\"elementor-spacer\">\n\t\t\t<div class=\"elementor-spacer-inner\"><\/div>\n\t\t<\/div>\n\t\t\t\t\t\t<\/div>\n\t\t\t\t<\/div>\n\t\t\t\t<div class=\"elementor-element elementor-element-1c25643 elementor-widget elementor-widget-heading\" data-id=\"1c25643\" data-element_type=\"widget\" data-e-type=\"widget\" data-widget_type=\"heading.default\">\n\t\t\t\t<div class=\"elementor-widget-container\">\n\t\t\t\t\t<h2 class=\"elementor-heading-title elementor-size-default\">Felipe Menezes e Ana Carolina Santana<\/h2>\t\t\t\t<\/div>\n\t\t\t\t<\/div>\n\t\t\t\t<div class=\"elementor-element elementor-element-80adc0e elementor-widget elementor-widget-heading\" data-id=\"80adc0e\" data-element_type=\"widget\" data-e-type=\"widget\" data-widget_type=\"heading.default\">\n\t\t\t\t<div class=\"elementor-widget-container\">\n\t\t\t\t\t<h2 class=\"elementor-heading-title elementor-size-default\">05\/02\/2025<\/h2>\t\t\t\t<\/div>\n\t\t\t\t<\/div>\n\t\t\t\t<div class=\"elementor-element elementor-element-0b6bf72 elementor-widget elementor-widget-spacer\" data-id=\"0b6bf72\" data-element_type=\"widget\" data-e-type=\"widget\" data-widget_type=\"spacer.default\">\n\t\t\t\t<div class=\"elementor-widget-container\">\n\t\t\t\t\t\t\t<div class=\"elementor-spacer\">\n\t\t\t<div class=\"elementor-spacer-inner\"><\/div>\n\t\t<\/div>\n\t\t\t\t\t\t<\/div>\n\t\t\t\t<\/div>\n\t\t\t\t<div class=\"elementor-element elementor-element-f87da7b elementor-widget elementor-widget-image\" data-id=\"f87da7b\" data-element_type=\"widget\" data-e-type=\"widget\" data-widget_type=\"image.default\">\n\t\t\t\t<div class=\"elementor-widget-container\">\n\t\t\t\t\t\t\t\t\t\t\t\t\t\t\t<img decoding=\"async\" width=\"800\" height=\"449\" src=\"https:\/\/apaebituruna.org.br\/wp-content\/uploads\/2025\/02\/4c4acb5a-33b3-459f-ad66-0708a3e2924b-1024x575.png\" class=\"attachment-large size-large wp-image-1241\" alt=\"\" srcset=\"https:\/\/apaebituruna.org.br\/wp-content\/uploads\/2025\/02\/4c4acb5a-33b3-459f-ad66-0708a3e2924b-1024x575.png 1024w, https:\/\/apaebituruna.org.br\/wp-content\/uploads\/2025\/02\/4c4acb5a-33b3-459f-ad66-0708a3e2924b-300x169.png 300w, https:\/\/apaebituruna.org.br\/wp-content\/uploads\/2025\/02\/4c4acb5a-33b3-459f-ad66-0708a3e2924b-768x432.png 768w, https:\/\/apaebituruna.org.br\/wp-content\/uploads\/2025\/02\/4c4acb5a-33b3-459f-ad66-0708a3e2924b-1536x863.png 1536w, https:\/\/apaebituruna.org.br\/wp-content\/uploads\/2025\/02\/4c4acb5a-33b3-459f-ad66-0708a3e2924b.png 1600w\" sizes=\"(max-width: 800px) 100vw, 800px\" \/>\t\t\t\t\t\t\t\t\t\t\t\t\t\t\t<\/div>\n\t\t\t\t<\/div>\n\t\t\t\t<div class=\"elementor-element elementor-element-7bddad4 elementor-widget elementor-widget-spacer\" data-id=\"7bddad4\" data-element_type=\"widget\" data-e-type=\"widget\" data-widget_type=\"spacer.default\">\n\t\t\t\t<div class=\"elementor-widget-container\">\n\t\t\t\t\t\t\t<div class=\"elementor-spacer\">\n\t\t\t<div class=\"elementor-spacer-inner\"><\/div>\n\t\t<\/div>\n\t\t\t\t\t\t<\/div>\n\t\t\t\t<\/div>\n\t\t\t\t<div class=\"elementor-element elementor-element-7819fafb elementor-widget elementor-widget-text-editor\" data-id=\"7819fafb\" data-element_type=\"widget\" data-e-type=\"widget\" data-widget_type=\"text-editor.default\">\n\t\t\t\t<div class=\"elementor-widget-container\">\n\t\t\t\t\t\t\t\t\t<p class=\"ql-align-justify\">A Federa\u00e7\u00e3o Nacional das Apaes (Fenapaes) e o Minist\u00e9rio do Esporte (MEsp) refor\u00e7aram, nesta ter\u00e7a-feira (4), o compromisso com a amplia\u00e7\u00e3o do acesso ao esporte \u00e0s pessoas com defici\u00eancia. Em reuni\u00e3o realizada em Bras\u00edlia (DF), a diretoria executiva da Apae Brasil alinhou com o ministro Andr\u00e9 Fufuca os pr\u00f3ximos passos para a implementa\u00e7\u00e3o dos programas TEAtivo e Semear em \u00e2mbito nacional.<\/p><p class=\"ql-align-justify\">Estiveram presentes na audi\u00eancia representantes da diretoria executiva da Fenapaes, tais como o presidente Jarbas Feldner de Barros, o vice-presidente L\u00e9o Loureiro e os diretores Financeiros Narciso Batista (1\u00ba) e Ott\u00e3o Pereira (2\u00ba); o secret\u00e1rio nacional de Paradesporto, Fabio Araujo; membros da equipe t\u00e9cnica da Fenapaes, entre eles o diretor-geral da Faculdade Apae Brasil \u2013 Dr. Eduardo Barbosa e gerente de Mobiliza\u00e7\u00e3o de Parcerias Estrat\u00e9gicas, Erivaldo Neto, o gerente Institucional, Jos\u00e9 Marcos, o consultor de Projetos Carlos Rizza, e o captador de Recursos Eurismar F\u00e9lix; o procurador da Federa\u00e7\u00e3o das Apaes do Estado de S\u00e3o Paulo (Feapaes-SP), Paulo Vieira; e t\u00e9cnicos do MEsp.<\/p><p class=\"ql-align-justify\">A expans\u00e3o desses programas representa um avan\u00e7o na promo\u00e7\u00e3o da inclus\u00e3o e cidadania das pessoas com defici\u00eancia por meio do esporte. O TEAtivo, voltado para pessoas com transtorno do espectro autista (TEA), j\u00e1 beneficia mais de 2 mil crian\u00e7as e adolescentes da Regi\u00e3o Nordeste e ser\u00e1 levado a todas as capitais do pa\u00eds. Atualmente, o projeto est\u00e1 em andamento nas nove capitais nordestinas e no munic\u00edpio de Imperatriz (MA).<\/p><p class=\"ql-align-justify\">J\u00e1 o Semear, que tamb\u00e9m ser\u00e1 desenvolvido pela Apae Brasil, contar\u00e1, inicialmente, com cem n\u00facleos. O programa tem por prop\u00f3sito incentivar o acesso \u00e0s pr\u00e1ticas esportivas por meio de a\u00e7\u00f5es planejadas, inclusivas, educativas e l\u00fadicas, visando assim promover melhor qualidade de vida, autonomia, independ\u00eancia, protagonismo e acesso a oportunidades para todas as pessoas com defici\u00eancia.<\/p><p class=\"ql-align-justify\">Na ocasi\u00e3o, o l\u00edder do movimento apaeano celebrou o fortalecimento da parceria com o MEsp e evidenciou o impacto positivo de ambas as iniciativas. \u201cAcertamos praticamente a sequ\u00eancia de todo o projeto do TEAtivo e o novo programa, o Semear, para atender a todas as regi\u00f5es do pa\u00eds. Certamente, ser\u00e1 um trabalho que vai influenciar muito na melhoria da qualidade de vida das pessoas com defici\u00eancia\u201d, afirmou o prof. Jarbas.<\/p><p class=\"ql-align-justify\">O presidente da Fenapaes destacou ainda o papel do esporte na vida das pessoas com defici\u00eancia e suas fam\u00edlias. De acordo com ele, al\u00e9m do lazer, a pr\u00e1tica esportiva \u00e9 uma ferramenta essencial para a inclus\u00e3o, a habilita\u00e7\u00e3o, a reabilita\u00e7\u00e3o e a socializa\u00e7\u00e3o.<\/p><p class=\"ql-align-justify\">O ministro ressaltou a relev\u00e2ncia da parceria e garantiu que as iniciativas ser\u00e3o expandidas para todo o pa\u00eds. Ao reafirmar o compromisso do MEsp com a execu\u00e7\u00e3o dos programas, Andr\u00e9 Fufuca pontuou que o TEAtivo, por exemplo, tem alcan\u00e7ado resultados expressivos. Segundo o chefe da pasta, o TEAtivo \u00e9 um programa pioneiro e que, devido ao seu sucesso, avan\u00e7a rapidamente pelo territ\u00f3rio nacional.<\/p><p class=\"ql-align-justify\">\u201cJ\u00e1 est\u00e1 no Nordeste, e at\u00e9 o fim do ano estar\u00e1 em todas as capitais do Brasil\u201d, garantiu. \u201cA gente entende a import\u00e2ncia que isso [programa] tem. H\u00e1 milhares de crian\u00e7as e jovens em todo o pa\u00eds, e a evolu\u00e7\u00e3o ben\u00e9fica que isso faz para as fam\u00edlias, para a evolu\u00e7\u00e3o do paciente e de todos aqueles que, por d\u00e9cadas, foram esquecidos pela sociedade. Contem com a gente. O que a gente puder fazer para ajudar o Minist\u00e9rio do Esporte est\u00e1 \u00e0 inteira disposi\u00e7\u00e3o. Que a gente leve esse programa que est\u00e1 dando certo a todos os cantos do Brasil, e que mais pessoas e cidades possam ser beneficiadas. N\u00e3o tenho d\u00favida que esse programa sendo ampliado, ele vai chegar a quem mais precisa\u201d, acrescentou.<\/p><p class=\"ql-align-justify\">O secret\u00e1rio Fabio Araujo tamb\u00e9m enfatizou o compromisso do MEsp e da Secretaria Nacional de Paradesporto (SNPAR) com a amplia\u00e7\u00e3o dos programas e a parceria com a Rede Apae. \u201cIremos expandir o TEAtivo e implementar o Semear por todo o Brasil, com o apoio da Federa\u00e7\u00e3o Nacional das Apaes\u201d, destacou.<\/p>\t\t\t\t\t\t\t\t<\/div>\n\t\t\t\t<\/div>\n\t\t\t\t\t<\/div>\n\t\t<\/div>\n\t\t\t\t\t<\/div>\n\t\t<\/section>\n\t\t\t\t<section class=\"elementor-section elementor-top-section elementor-element elementor-element-3089d77a elementor-section-full_width elementor-section-height-default elementor-section-height-default wpr-particle-no wpr-jarallax-no wpr-parallax-no wpr-sticky-section-no\" data-id=\"3089d77a\" data-element_type=\"section\" data-e-type=\"section\" data-settings=\"{&quot;background_background&quot;:&quot;classic&quot;,&quot;_ha_eqh_enable&quot;:false}\">\n\t\t\t\t\t\t<div class=\"elementor-container elementor-column-gap-no\">\n\t\t\t\t\t<div class=\"elementor-column elementor-col-100 elementor-top-column elementor-element elementor-element-5dfa1436\" data-id=\"5dfa1436\" data-element_type=\"column\" data-e-type=\"column\">\n\t\t\t<div class=\"elementor-widget-wrap elementor-element-populated\">\n\t\t\t\t\t\t<section class=\"elementor-section elementor-inner-section elementor-element elementor-element-1981fcae elementor-section-boxed elementor-section-height-default elementor-section-height-default wpr-particle-no wpr-jarallax-no wpr-parallax-no wpr-sticky-section-no\" data-id=\"1981fcae\" data-element_type=\"section\" data-e-type=\"section\" data-settings=\"{&quot;_ha_eqh_enable&quot;:false}\">\n\t\t\t\t\t\t<div class=\"elementor-container elementor-column-gap-no\">\n\t\t\t\t\t<div class=\"elementor-column elementor-col-25 elementor-inner-column elementor-element elementor-element-501c9f5a\" data-id=\"501c9f5a\" data-element_type=\"column\" data-e-type=\"column\">\n\t\t\t<div class=\"elementor-widget-wrap elementor-element-populated\">\n\t\t\t\t\t\t<div class=\"elementor-element elementor-element-3795f499 elementor-widget elementor-widget-image\" data-id=\"3795f499\" data-element_type=\"widget\" data-e-type=\"widget\" data-widget_type=\"image.default\">\n\t\t\t\t<div class=\"elementor-widget-container\">\n\t\t\t\t\t\t\t\t\t\t\t\t\t\t\t<img decoding=\"async\" width=\"900\" height=\"371\" src=\"https:\/\/apaebituruna.org.br\/wp-content\/uploads\/2025\/02\/logo.png\" class=\"attachment-full size-full wp-image-998\" alt=\"\" srcset=\"https:\/\/apaebituruna.org.br\/wp-content\/uploads\/2025\/02\/logo.png 900w, https:\/\/apaebituruna.org.br\/wp-content\/uploads\/2025\/02\/logo-300x124.png 300w, https:\/\/apaebituruna.org.br\/wp-content\/uploads\/2025\/02\/logo-768x317.png 768w\" sizes=\"(max-width: 900px) 100vw, 900px\" \/>\t\t\t\t\t\t\t\t\t\t\t\t\t\t\t<\/div>\n\t\t\t\t<\/div>\n\t\t\t\t\t<\/div>\n\t\t<\/div>\n\t\t\t\t<div class=\"elementor-column elementor-col-25 elementor-inner-column elementor-element elementor-element-52d441c3\" data-id=\"52d441c3\" data-element_type=\"column\" data-e-type=\"column\">\n\t\t\t<div class=\"elementor-widget-wrap elementor-element-populated\">\n\t\t\t\t\t\t<div class=\"elementor-element elementor-element-59c454b3 elementor-widget elementor-widget-heading\" data-id=\"59c454b3\" data-element_type=\"widget\" data-e-type=\"widget\" data-widget_type=\"heading.default\">\n\t\t\t\t<div class=\"elementor-widget-container\">\n\t\t\t\t\t<h2 class=\"elementor-heading-title elementor-size-default\">APAE-Associa\u00e7\u00e3o Pais e Amigos dos Excepcionais de Bituruna<\/h2>\t\t\t\t<\/div>\n\t\t\t\t<\/div>\n\t\t\t\t<div class=\"elementor-element elementor-element-73a9d1a1 elementor-widget elementor-widget-heading\" data-id=\"73a9d1a1\" data-element_type=\"widget\" data-e-type=\"widget\" data-widget_type=\"heading.default\">\n\t\t\t\t<div class=\"elementor-widget-container\">\n\t\t\t\t\t<h2 class=\"elementor-heading-title elementor-size-default\">Endere\u00e7o: R. dos Cedros, 215 - Nossa Sra. Aparecida, Bituruna - PR, 84640-000<\/h2>\t\t\t\t<\/div>\n\t\t\t\t<\/div>\n\t\t\t\t\t<\/div>\n\t\t<\/div>\n\t\t\t\t<div class=\"elementor-column elementor-col-25 elementor-inner-column elementor-element elementor-element-43ca4bec\" data-id=\"43ca4bec\" data-element_type=\"column\" data-e-type=\"column\">\n\t\t\t<div class=\"elementor-widget-wrap elementor-element-populated\">\n\t\t\t\t\t\t<div class=\"elementor-element elementor-element-3fd11cfc elementor-widget elementor-widget-heading\" data-id=\"3fd11cfc\" data-element_type=\"widget\" data-e-type=\"widget\" data-widget_type=\"heading.default\">\n\t\t\t\t<div class=\"elementor-widget-container\">\n\t\t\t\t\t<h2 class=\"elementor-heading-title elementor-size-default\">Contato<\/h2>\t\t\t\t<\/div>\n\t\t\t\t<\/div>\n\t\t\t\t<div class=\"elementor-element elementor-element-1c10d665 elementor-mobile-align-center elementor-icon-list--layout-traditional elementor-list-item-link-full_width elementor-widget elementor-widget-icon-list\" data-id=\"1c10d665\" data-element_type=\"widget\" data-e-type=\"widget\" data-widget_type=\"icon-list.default\">\n\t\t\t\t<div class=\"elementor-widget-container\">\n\t\t\t\t\t\t\t<ul class=\"elementor-icon-list-items\">\n\t\t\t\t\t\t\t<li class=\"elementor-icon-list-item\">\n\t\t\t\t\t\t\t\t\t\t<span class=\"elementor-icon-list-text\">apaebituruna@gmail.com<\/span>\n\t\t\t\t\t\t\t\t\t<\/li>\n\t\t\t\t\t\t\t\t<li class=\"elementor-icon-list-item\">\n\t\t\t\t\t\t\t\t\t\t<span class=\"elementor-icon-list-text\">(42) 3553-2676<\/span>\n\t\t\t\t\t\t\t\t\t<\/li>\n\t\t\t\t\t\t<\/ul>\n\t\t\t\t\t\t<\/div>\n\t\t\t\t<\/div>\n\t\t\t\t\t<\/div>\n\t\t<\/div>\n\t\t\t\t<div class=\"elementor-column elementor-col-25 elementor-inner-column elementor-element elementor-element-8c7c895\" data-id=\"8c7c895\" data-element_type=\"column\" data-e-type=\"column\">\n\t\t\t<div class=\"elementor-widget-wrap elementor-element-populated\">\n\t\t\t\t\t\t<div class=\"elementor-element elementor-element-759358b e-grid-align-right e-grid-align-mobile-center elementor-shape-rounded elementor-grid-0 elementor-widget elementor-widget-social-icons\" data-id=\"759358b\" data-element_type=\"widget\" data-e-type=\"widget\" data-widget_type=\"social-icons.default\">\n\t\t\t\t<div class=\"elementor-widget-container\">\n\t\t\t\t\t\t\t<div class=\"elementor-social-icons-wrapper elementor-grid\" role=\"list\">\n\t\t\t\t\t\t\t<span class=\"elementor-grid-item\" role=\"listitem\">\n\t\t\t\t\t<a class=\"elementor-icon elementor-social-icon elementor-social-icon-instagram elementor-repeater-item-f6a028a\" href=\"https:\/\/www.instagram.com\/apae.bituruna\/\" target=\"_blank\">\n\t\t\t\t\t\t<span class=\"elementor-screen-only\">Instagram<\/span>\n\t\t\t\t\t\t<i aria-hidden=\"true\" class=\"fab fa-instagram\"><\/i>\t\t\t\t\t<\/a>\n\t\t\t\t<\/span>\n\t\t\t\t\t\t\t<span class=\"elementor-grid-item\" role=\"listitem\">\n\t\t\t\t\t<a class=\"elementor-icon elementor-social-icon elementor-social-icon-facebook elementor-repeater-item-e96dd5f\" href=\"https:\/\/www.facebook.com\/apae.bituruna\" target=\"_blank\">\n\t\t\t\t\t\t<span class=\"elementor-screen-only\">Facebook<\/span>\n\t\t\t\t\t\t<i aria-hidden=\"true\" class=\"fab fa-facebook\"><\/i>\t\t\t\t\t<\/a>\n\t\t\t\t<\/span>\n\t\t\t\t\t<\/div>\n\t\t\t\t\t\t<\/div>\n\t\t\t\t<\/div>\n\t\t\t\t\t<\/div>\n\t\t<\/div>\n\t\t\t\t\t<\/div>\n\t\t<\/section>\n\t\t\t\t<section class=\"elementor-section elementor-inner-section elementor-element elementor-element-215d20e6 elementor-section-boxed elementor-section-height-default elementor-section-height-default wpr-particle-no wpr-jarallax-no wpr-parallax-no wpr-sticky-section-no\" data-id=\"215d20e6\" data-element_type=\"section\" data-e-type=\"section\" data-settings=\"{&quot;_ha_eqh_enable&quot;:false}\">\n\t\t\t\t\t\t<div class=\"elementor-container elementor-column-gap-no\">\n\t\t\t\t\t<div class=\"elementor-column elementor-col-50 elementor-inner-column elementor-element elementor-element-f343395\" data-id=\"f343395\" data-element_type=\"column\" data-e-type=\"column\">\n\t\t\t<div class=\"elementor-widget-wrap elementor-element-populated\">\n\t\t\t\t\t\t<div class=\"elementor-element elementor-element-20172b3f elementor-widget elementor-widget-heading\" data-id=\"20172b3f\" data-element_type=\"widget\" data-e-type=\"widget\" data-widget_type=\"heading.default\">\n\t\t\t\t<div class=\"elementor-widget-container\">\n\t\t\t\t\t<h2 class=\"elementor-heading-title elementor-size-default\">APAE Bituruna \u00a9 copyright 2025. Todos os Direitos Reservados<\/h2>\t\t\t\t<\/div>\n\t\t\t\t<\/div>\n\t\t\t\t\t<\/div>\n\t\t<\/div>\n\t\t\t\t<div class=\"elementor-column elementor-col-50 elementor-inner-column elementor-element elementor-element-31135508\" data-id=\"31135508\" data-element_type=\"column\" data-e-type=\"column\">\n\t\t\t<div class=\"elementor-widget-wrap elementor-element-populated\">\n\t\t\t\t\t\t<div class=\"elementor-element elementor-element-672446de elementor-icon-list--layout-inline elementor-align-end elementor-mobile-align-center elementor-list-item-link-full_width elementor-widget elementor-widget-icon-list\" data-id=\"672446de\" data-element_type=\"widget\" data-e-type=\"widget\" data-widget_type=\"icon-list.default\">\n\t\t\t\t<div class=\"elementor-widget-container\">\n\t\t\t\t\t\t\t<ul class=\"elementor-icon-list-items elementor-inline-items\">\n\t\t\t\t\t\t\t<li class=\"elementor-icon-list-item elementor-inline-item\">\n\t\t\t\t\t\t\t\t\t\t\t<a href=\"#\">\n\n\t\t\t\t\t\t\t\t\t\t\t<span class=\"elementor-icon-list-text\">Pol\u00edtica de privacidade<\/span>\n\t\t\t\t\t\t\t\t\t\t\t<\/a>\n\t\t\t\t\t\t\t\t\t<\/li>\n\t\t\t\t\t\t\t\t<li class=\"elementor-icon-list-item elementor-inline-item\">\n\t\t\t\t\t\t\t\t\t\t\t<a href=\"#\">\n\n\t\t\t\t\t\t\t\t\t\t\t<span class=\"elementor-icon-list-text\">Termos e Condi\u00e7\u00f5es<\/span>\n\t\t\t\t\t\t\t\t\t\t\t<\/a>\n\t\t\t\t\t\t\t\t\t<\/li>\n\t\t\t\t\t\t<\/ul>\n\t\t\t\t\t\t<\/div>\n\t\t\t\t<\/div>\n\t\t\t\t\t<\/div>\n\t\t<\/div>\n\t\t\t\t\t<\/div>\n\t\t<\/section>\n\t\t\t\t\t<\/div>\n\t\t<\/div>\n\t\t\t\t\t<\/div>\n\t\t<\/section>\n\t\t\t\t<\/div>\n\t\t","protected":false},"excerpt":{"rendered":"<p>In\u00edcio Institucional Quem somos Transpar\u00eancia Balan\u00e7o Patrimonial Quem atendemos Sindrome de Down Contato In\u00edcio Institucional Quem somos Transpar\u00eancia Balan\u00e7o Patrimonial Quem atendemos Sindrome de Down Contato Doe agora Apae Brasil e Minist\u00e9rio do Esporte ampliam parceria para inclus\u00e3o esportiva de pessoas com defici\u00eancia TEAtivo ser\u00e1 expandido para todas as capitais do Brasil, e o programa Semear contar\u00e1 com cem n\u00facleos em todo o pa\u00eds Felipe Menezes e Ana Carolina Santana 05\/02\/2025 A Federa\u00e7\u00e3o Nacional das Apaes (Fenapaes) e o Minist\u00e9rio do Esporte (MEsp) refor\u00e7aram, nesta ter\u00e7a-feira (4), o compromisso com a amplia\u00e7\u00e3o do acesso ao esporte \u00e0s pessoas com defici\u00eancia. Em reuni\u00e3o realizada em Bras\u00edlia (DF), a diretoria executiva da Apae Brasil alinhou com o ministro Andr\u00e9 Fufuca os pr\u00f3ximos passos para a implementa\u00e7\u00e3o dos programas TEAtivo e Semear em \u00e2mbito nacional. Estiveram presentes na audi\u00eancia representantes da diretoria executiva da Fenapaes, tais como o presidente Jarbas Feldner de Barros, o vice-presidente L\u00e9o Loureiro e os diretores Financeiros Narciso Batista (1\u00ba) e Ott\u00e3o Pereira (2\u00ba); o secret\u00e1rio nacional de Paradesporto, Fabio Araujo; membros da equipe t\u00e9cnica da Fenapaes, entre eles o diretor-geral da Faculdade Apae Brasil \u2013 Dr. Eduardo Barbosa e gerente de Mobiliza\u00e7\u00e3o de Parcerias Estrat\u00e9gicas, Erivaldo Neto, o gerente Institucional, Jos\u00e9 Marcos, o consultor de Projetos Carlos Rizza, e o captador de Recursos Eurismar F\u00e9lix; o procurador da Federa\u00e7\u00e3o das Apaes do Estado de S\u00e3o Paulo (Feapaes-SP), Paulo Vieira; e t\u00e9cnicos do MEsp. A expans\u00e3o desses programas representa um avan\u00e7o na promo\u00e7\u00e3o da inclus\u00e3o e cidadania das pessoas com defici\u00eancia por meio do esporte. O TEAtivo, voltado para pessoas com transtorno do espectro autista (TEA), j\u00e1 beneficia mais de 2 mil crian\u00e7as e adolescentes da Regi\u00e3o Nordeste e ser\u00e1 levado a todas as capitais do pa\u00eds. Atualmente, o projeto est\u00e1 em andamento nas nove capitais nordestinas e no munic\u00edpio de Imperatriz (MA). J\u00e1 o Semear, que tamb\u00e9m ser\u00e1 desenvolvido pela Apae Brasil, contar\u00e1, inicialmente, com cem n\u00facleos. O programa tem por prop\u00f3sito incentivar o acesso \u00e0s pr\u00e1ticas esportivas por meio de a\u00e7\u00f5es planejadas, inclusivas, educativas e l\u00fadicas, visando assim promover melhor qualidade de vida, autonomia, independ\u00eancia, protagonismo e acesso a oportunidades para todas as pessoas com defici\u00eancia. Na ocasi\u00e3o, o l\u00edder do movimento apaeano celebrou o fortalecimento da parceria com o MEsp e evidenciou o impacto positivo de ambas as iniciativas. \u201cAcertamos praticamente a sequ\u00eancia de todo o projeto do TEAtivo e o novo programa, o Semear, para atender a todas as regi\u00f5es do pa\u00eds. Certamente, ser\u00e1 um trabalho que vai influenciar muito na melhoria da qualidade de vida das pessoas com defici\u00eancia\u201d, afirmou o prof. Jarbas. O presidente da Fenapaes destacou ainda o papel do esporte na vida das pessoas com defici\u00eancia e suas fam\u00edlias. De acordo com ele, al\u00e9m do lazer, a pr\u00e1tica esportiva \u00e9 uma ferramenta essencial para a inclus\u00e3o, a habilita\u00e7\u00e3o, a reabilita\u00e7\u00e3o e a socializa\u00e7\u00e3o. O ministro ressaltou a relev\u00e2ncia da parceria e garantiu que as iniciativas ser\u00e3o expandidas para todo o pa\u00eds. Ao reafirmar o compromisso do MEsp com a execu\u00e7\u00e3o dos programas, Andr\u00e9 Fufuca pontuou que o TEAtivo, por exemplo, tem alcan\u00e7ado resultados expressivos. Segundo o chefe da pasta, o TEAtivo \u00e9 um programa pioneiro e que, devido ao seu sucesso, avan\u00e7a rapidamente pelo territ\u00f3rio nacional. \u201cJ\u00e1 est\u00e1 no Nordeste, e at\u00e9 o fim do ano estar\u00e1 em todas as capitais do Brasil\u201d, garantiu. \u201cA gente entende a import\u00e2ncia que isso [programa] tem. H\u00e1 milhares de crian\u00e7as e jovens em todo o pa\u00eds, e a evolu\u00e7\u00e3o ben\u00e9fica que isso faz para as fam\u00edlias, para a evolu\u00e7\u00e3o do paciente e de todos aqueles que, por d\u00e9cadas, foram esquecidos pela sociedade. Contem com a gente. O que a gente puder fazer para ajudar o Minist\u00e9rio do Esporte est\u00e1 \u00e0 inteira disposi\u00e7\u00e3o. Que a gente leve esse programa que est\u00e1 dando certo a todos os cantos do Brasil, e que mais pessoas e cidades possam ser beneficiadas. N\u00e3o tenho d\u00favida que esse programa sendo ampliado, ele vai chegar a quem mais precisa\u201d, acrescentou. O secret\u00e1rio Fabio Araujo tamb\u00e9m enfatizou o compromisso do MEsp e da Secretaria Nacional de Paradesporto (SNPAR) com a amplia\u00e7\u00e3o dos programas e a parceria com a Rede Apae. \u201cIremos expandir o TEAtivo e implementar o Semear por todo o Brasil, com o apoio da Federa\u00e7\u00e3o Nacional das Apaes\u201d, destacou. APAE-Associa\u00e7\u00e3o Pais e Amigos dos Excepcionais de Bituruna Endere\u00e7o: R. dos Cedros, 215 &#8211; Nossa Sra. Aparecida, Bituruna &#8211; PR, 84640-000 Contato apaebituruna@gmail.com (42) 3553-2676 Instagram Facebook APAE Bituruna \u00a9 copyright 2025. Todos os Direitos Reservados Pol\u00edtica de privacidade Termos e Condi\u00e7\u00f5es<\/p>\n","protected":false},"author":1,"featured_media":1241,"comment_status":"open","ping_status":"open","sticky":false,"template":"elementor_canvas","format":"standard","meta":{"_seopress_robots_primary_cat":"none","_seopress_titles_title":"","_seopress_titles_desc":"","_seopress_robots_index":"","postBodyMargin":[],"postBodyPadding":[],"postBodyBackground":{"backgroundType":"classic","gradient":""},"footnotes":""},"categories":[3],"tags":[],"class_list":["post-1240","post","type-post","status-publish","format-standard","has-post-thumbnail","hentry","category-noticias-apae"],"aioseo_notices":[],"_links":{"self":[{"href":"https:\/\/apaebituruna.org.br\/index.php?rest_route=\/wp\/v2\/posts\/1240","targetHints":{"allow":["GET"]}}],"collection":[{"href":"https:\/\/apaebituruna.org.br\/index.php?rest_route=\/wp\/v2\/posts"}],"about":[{"href":"https:\/\/apaebituruna.org.br\/index.php?rest_route=\/wp\/v2\/types\/post"}],"author":[{"embeddable":true,"href":"https:\/\/apaebituruna.org.br\/index.php?rest_route=\/wp\/v2\/users\/1"}],"replies":[{"embeddable":true,"href":"https:\/\/apaebituruna.org.br\/index.php?rest_route=%2Fwp%2Fv2%2Fcomments&post=1240"}],"version-history":[{"count":22,"href":"https:\/\/apaebituruna.org.br\/index.php?rest_route=\/wp\/v2\/posts\/1240\/revisions"}],"predecessor-version":[{"id":1272,"href":"https:\/\/apaebituruna.org.br\/index.php?rest_route=\/wp\/v2\/posts\/1240\/revisions\/1272"}],"wp:featuredmedia":[{"embeddable":true,"href":"https:\/\/apaebituruna.org.br\/index.php?rest_route=\/wp\/v2\/media\/1241"}],"wp:attachment":[{"href":"https:\/\/apaebituruna.org.br\/index.php?rest_route=%2Fwp%2Fv2%2Fmedia&parent=1240"}],"wp:term":[{"taxonomy":"category","embeddable":true,"href":"https:\/\/apaebituruna.org.br\/index.php?rest_route=%2Fwp%2Fv2%2Fcategories&post=1240"},{"taxonomy":"post_tag","embeddable":true,"href":"https:\/\/apaebituruna.org.br\/index.php?rest_route=%2Fwp%2Fv2%2Ftags&post=1240"}],"curies":[{"name":"wp","href":"https:\/\/api.w.org\/{rel}","templated":true}]}}